{"id":1431,"date":"2015-06-04T13:07:53","date_gmt":"2015-06-04T13:07:53","guid":{"rendered":"https:\/\/www.delamode-montenegro.com\/sr\/?p=1431"},"modified":"2018-12-07T13:09:04","modified_gmt":"2018-12-07T13:09:04","slug":"vrelo-leto-osvezavajuce-cene-transporta-iz-nemacke","status":"publish","type":"post","link":"https:\/\/delamode-montenegro.com\/sr\/vrelo-leto-osvezavajuce-cene-transporta-iz-nemacke\/","title":{"rendered":"Vrelo leto &#8211; osve\u017eavaju\u0107e cene transporta iz Nema\u010dke"},"content":{"rendered":"<p><\/p>\n<h3>Nudimo osve\u017eavaju\u0107e, najpovoljnije cene na tr\u017ei\u0161tu<\/h3>\n<p>\nSa dolaskom vrelog leta, Delamode Balkans Vas osve\u017eava sa najpovoljnijim cenama na tr\u017ei\u0161tu za transport iz Nema\u010dke za Srbiju!<\/p>\n<p><strong>Karakteriskike Servisa<\/strong><\/p>\n<p><strong>Polazak Sredom<\/strong><\/p>\n<p>Pristizanje u Beograd Petkom<br \/>\nDistribucija u Srbiji u roku od 24 \u010dasa \/ Crna Gora, Bosna i Hercegovina (48h)<\/p>\n<p><strong>Polazak Petkom<\/strong><\/p>\n<p>Pristizanje u Beograd Ponedeljkom<br \/>\nDistribucija u Srbiji u roku od 24 \u010dasa \/ Crna Gora, Bosna i Hercegovina (48h)<\/p>\n<p><strong>Kontaktirajte nas ve\u0107 danas<\/strong><\/p>\n<p>Tel: <a href=\"tel:+381 (0) 11 3122 422\">+381 (0) 11 3122 422<\/a><br \/>\nEmail: <a href=\"mailto:info.rs@delamode-group.com\">info.rs@delamode-group.com<\/a><\/p>\n<p><\/p>","protected":false},"excerpt":{"rendered":"<p>Nudimo osve\u017eavaju\u0107e, najpovoljnije cene na tr\u017ei\u0161tu Sa dolaskom vrelog leta, Delamode Balkans Vas osve\u017eava sa najpovoljnijim cenama na tr\u017ei\u0161tu za transport iz Nema\u010dke za Srbiju! Karakteriskike Servisa Polazak Sredom Pristizanje u Beograd Petkom Distribucija u Srbiji u roku od 24 \u010dasa \/ Crna Gora, Bosna i Hercegovina (48h) Polazak Petkom Pristizanje u Beograd Ponedeljkom Distribucija [&hellip;]<\/p>\n","protected":false},"author":1,"featured_media":0,"comment_status":"open","ping_status":"open","sticky":false,"template":"","format":"standard","meta":[],"categories":[1],"tags":[],"acf":[],"aioseo_notices":[],"_links":{"self":[{"href":"https:\/\/delamode-montenegro.com\/sr\/wp-json\/wp\/v2\/posts\/1431"}],"collection":[{"href":"https:\/\/delamode-montenegro.com\/sr\/wp-json\/wp\/v2\/posts"}],"about":[{"href":"https:\/\/delamode-montenegro.com\/sr\/wp-json\/wp\/v2\/types\/post"}],"author":[{"embeddable":true,"href":"https:\/\/delamode-montenegro.com\/sr\/wp-json\/wp\/v2\/users\/1"}],"replies":[{"embeddable":true,"href":"https:\/\/delamode-montenegro.com\/sr\/wp-json\/wp\/v2\/comments?post=1431"}],"version-history":[{"count":1,"href":"https:\/\/delamode-montenegro.com\/sr\/wp-json\/wp\/v2\/posts\/1431\/revisions"}],"predecessor-version":[{"id":1432,"href":"https:\/\/delamode-montenegro.com\/sr\/wp-json\/wp\/v2\/posts\/1431\/revisions\/1432"}],"wp:attachment":[{"href":"https:\/\/delamode-montenegro.com\/sr\/wp-json\/wp\/v2\/media?parent=1431"}],"wp:term":[{"taxonomy":"category","embeddable":true,"href":"https:\/\/delamode-montenegro.com\/sr\/wp-json\/wp\/v2\/categories?post=1431"},{"taxonomy":"post_tag","embeddable":true,"href":"https:\/\/delamode-montenegro.com\/sr\/wp-json\/wp\/v2\/tags?post=1431"}],"curies":[{"name":"wp","href":"https:\/\/api.w.org\/{rel}","templated":true}]}}