{"id":1433,"date":"2015-05-01T13:09:25","date_gmt":"2015-05-01T13:09:25","guid":{"rendered":"https:\/\/www.delamode-montenegro.com\/sr\/?p=1433"},"modified":"2018-12-07T13:10:38","modified_gmt":"2018-12-07T13:10:38","slug":"specijalna-promotivna-cena-u-zbirnom-transportu-po-paleti-za-uvoz-iz-nemacke","status":"publish","type":"post","link":"https:\/\/delamode-montenegro.com\/sr\/specijalna-promotivna-cena-u-zbirnom-transportu-po-paleti-za-uvoz-iz-nemacke\/","title":{"rendered":"Specijalna Promotivna Cena u zbirnom transportu po paleti za uvoz iz Nema\u010dke"},"content":{"rendered":"<p><\/p>\n<p>Delamode Balkans Vas sa ponosom obave\u0161tava da \u0107e se predstaviti zajedno sa parnerskom Nema\u010dkom kompanijom VTL Vernetzte-Transport-Logistik GmbH na sajmu Transporta I Logistike u Minhenu.<\/p>\n<p>Povodom ovog dogadjaja, nudimo specijalnu promotivnu cenu u zbirnom transportu iz cele Nema\u010dke do Beograda ve\u0107 od \u20ac95 po EU paleti.<\/p>\n<p>Na\u0161 servis nudi dva nedeljna polaska iz Nema\u010dke sa dostavom na teritoriji Srbije u roku od 24 \u010dasa nakon pristizanja u Beograd I na teritorije Crne Gore I Bosne I Hercegovine u roku od 48 sati nakon pristizanja u Beograd \u2013 Brz, efikasan I veoma kvalitetan servis po veoma konkurentnoj ceni!<\/p>\n<p><em>* Cena se odnosi na EU paletu, maksimalne visine do 120 cm i tezine do 400 kg.<\/em><\/p>\n<p><strong>Karakteristike Servisa<\/strong><\/p>\n<p><strong>Polazak Sredom:<\/strong><br \/>\nPristizanje u Beograd Petkom<br \/>\nDistribucija u Srbiji u roku od 24 \u010dasa \/ Crna Gora, Bosna i Hercegovina (48h)<\/p>\n<p><strong>Polazak Petkom:<\/strong><br \/>\nPristizanje u Beograd Ponedeljkom<br \/>\nDistribucija u Srbiji u roku od 24 \u010dasa \/ Crna Gora, Bosna i Hercegovina (48h)<\/p>\n<p><strong>Delamode Balkans doo<\/strong><\/p>\n<p>Tel: <a href=\"tel:+381 (0)11 3122423\">+381 (0)11 3122423<\/a><br \/>\nEmail: <a href=\"mailto:info.rs@delamode-group.com\">info.rs@delamode-group.com<\/a><\/p>\n<p><\/p>","protected":false},"excerpt":{"rendered":"<p>Delamode Balkans Vas sa ponosom obave\u0161tava da \u0107e se predstaviti zajedno sa parnerskom Nema\u010dkom kompanijom VTL Vernetzte-Transport-Logistik GmbH na sajmu Transporta I Logistike u Minhenu. Povodom ovog dogadjaja, nudimo specijalnu promotivnu cenu u zbirnom transportu iz cele Nema\u010dke do Beograda ve\u0107 od \u20ac95 po EU paleti. Na\u0161 servis nudi dva nedeljna polaska iz Nema\u010dke sa [&hellip;]<\/p>\n","protected":false},"author":1,"featured_media":0,"comment_status":"open","ping_status":"open","sticky":false,"template":"","format":"standard","meta":[],"categories":[1],"tags":[],"acf":[],"aioseo_notices":[],"_links":{"self":[{"href":"https:\/\/delamode-montenegro.com\/sr\/wp-json\/wp\/v2\/posts\/1433"}],"collection":[{"href":"https:\/\/delamode-montenegro.com\/sr\/wp-json\/wp\/v2\/posts"}],"about":[{"href":"https:\/\/delamode-montenegro.com\/sr\/wp-json\/wp\/v2\/types\/post"}],"author":[{"embeddable":true,"href":"https:\/\/delamode-montenegro.com\/sr\/wp-json\/wp\/v2\/users\/1"}],"replies":[{"embeddable":true,"href":"https:\/\/delamode-montenegro.com\/sr\/wp-json\/wp\/v2\/comments?post=1433"}],"version-history":[{"count":1,"href":"https:\/\/delamode-montenegro.com\/sr\/wp-json\/wp\/v2\/posts\/1433\/revisions"}],"predecessor-version":[{"id":1434,"href":"https:\/\/delamode-montenegro.com\/sr\/wp-json\/wp\/v2\/posts\/1433\/revisions\/1434"}],"wp:attachment":[{"href":"https:\/\/delamode-montenegro.com\/sr\/wp-json\/wp\/v2\/media?parent=1433"}],"wp:term":[{"taxonomy":"category","embeddable":true,"href":"https:\/\/delamode-montenegro.com\/sr\/wp-json\/wp\/v2\/categories?post=1433"},{"taxonomy":"post_tag","embeddable":true,"href":"https:\/\/delamode-montenegro.com\/sr\/wp-json\/wp\/v2\/tags?post=1433"}],"curies":[{"name":"wp","href":"https:\/\/api.w.org\/{rel}","templated":true}]}}